{"id":11266,"date":"2025-10-08T14:05:58","date_gmt":"2025-10-08T14:05:58","guid":{"rendered":"https:\/\/www.corimpexgroup.com\/booth-corimpex-schweissen-schneiden-2025\/"},"modified":"2025-10-08T14:17:36","modified_gmt":"2025-10-08T14:17:36","slug":"stand-corimpex-schweissen-schneiden-2025","status":"publish","type":"post","link":"https:\/\/www.corimpexgroup.com\/es\/stand-corimpex-schweissen-schneiden-2025\/","title":{"rendered":"STAND CORIMPEX EN SCHWEISSEN &#038; SCHNEIDEN 2025"},"content":{"rendered":"<h4>SCHWEISSEN &amp; SCHNEIDEN 2025<\/h4>\n<p>En septiembre participamos en Schweissen &amp; Schneiden 2025 en Essen, Alemania. Se trata de una de las ferias europeas m\u00e1s relevantes y concurridas para el sector metal\u00fargico, que re\u00fane a especialistas internacionales de la tecnolog\u00eda de soldadura, corte y revestimiento de metal.<\/p>\n<h4>FEMH-R<\/h4>\n<p>Corimpex destac\u00f3 su presencia con un stand dedicado de 100 metros cuadrados, totalmente equipado con nuestras soluciones innovadoras para la industria metal\u00fargica. Est\u00e1bamos encantados de compartir nuestra visi\u00f3n y tecnolog\u00eda innovadora con los numerosos visitantes de la feria. De hecho, durante la feria los visitantes tuvieron la oportunidad de ver de cerca una las nuestras \u00faltimas soluciones: <a href=\"https:\/\/www.corimpexgroup.com\/es\/prodotti\/femh-r\/\">FEMH-R<\/a> &#8211; Flange Edge Milling H I T profile &#8211; Rounding, la soluci\u00f3n altamente eficiente e innovadora de Corimpex para redondear los perfiles H, I, T y chapas met\u00e1licas.<\/p>\n<h4>CHARRO 5<\/h4>\n<p>Adem\u00e1s, durante el evento presentamos la nueva soluci\u00f3n Corimpex llamada CHARRO 5, que es el \u00fanico rotador de cadena de bucle cerrado en el mundo. Este nuevo dispositivo Corimpex gira placas, perfiles T y H y reduce el uso de puente-gr\u00faa. Adem\u00e1s, puede utilizarse independientemente o integrado en nuestras m\u00e1quinas.<\/p>\n<p>Combinando estas soluciones, estamos orgullosos de decir que solo en nuestro stand fue posible encontrar una m\u00e1quina de vanguardia que redondea los bordes de perfiles de acero y gira autom\u00e1ticamente 180 grados.<\/p>\n<h4>RED CORIMPEX<\/h4>\n<p>Acabamos de concluir la Schweissen &amp; Schneiden 2025, y queremos agradecer a todos los agentes y socios, clientes y nuevos visitantes que han pasado por nuestro stand. Siempre es un placer darle la bienvenida en Corimpex y construir una red de tecnolog\u00eda y experiencia a nivel internacional.<\/p>\n","protected":false},"excerpt":{"rendered":"<p>SCHWEISSEN &amp; SCHNEIDEN 2025 En septiembre participamos en Schweissen &amp; Schneiden 2025 en Essen, Alemania. Se trata de una de las ferias europeas m\u00e1s relevantes y concurridas para el sector metal\u00fargico, que re\u00fane a especialistas internacionales de la tecnolog\u00eda de soldadura, corte y revestimiento de metal. FEMH-R Corimpex destac\u00f3 su presencia con un stand dedicado [&hellip;]<\/p>\n","protected":false},"author":7,"featured_media":11261,"comment_status":"closed","ping_status":"closed","sticky":false,"template":"","format":"standard","meta":{"_acf_changed":false,"footnotes":""},"categories":[301,297],"tags":[450,448],"class_list":["post-11266","post","type-post","status-publish","format-standard","has-post-thumbnail","hentry","category-fiere-ed-eventi-es","category-sin-categorizar","tag-saldatura-ad-arco-sommerso-es","tag-saw-es"],"acf":[],"yoast_head":"<!-- This site is optimized with the Yoast SEO plugin v27.4 - https:\/\/yoast.com\/product\/yoast-seo-wordpress\/ -->\n<title>STAND CORIMPEX EN SCHWEISSEN &amp; SCHNEIDEN 2025 - Corimpex<\/title>\n<meta name=\"description\" content=\"En septiembre participamos en Schweissen &amp; Schneiden 2025 en Essen, Alemania.\" \/>\n<meta name=\"robots\" content=\"index, follow, max-snippet:-1, max-image-preview:large, max-video-preview:-1\" \/>\n<link rel=\"canonical\" href=\"https:\/\/www.corimpexgroup.com\/es\/stand-corimpex-schweissen-schneiden-2025\/\" \/>\n<meta property=\"og:locale\" content=\"es_ES\" \/>\n<meta property=\"og:type\" content=\"article\" \/>\n<meta property=\"og:title\" content=\"STAND CORIMPEX EN SCHWEISSEN &amp; SCHNEIDEN 2025 - Corimpex\" \/>\n<meta property=\"og:description\" content=\"En septiembre participamos en Schweissen &amp; Schneiden 2025 en Essen, Alemania.\" \/>\n<meta property=\"og:url\" content=\"https:\/\/www.corimpexgroup.com\/es\/stand-corimpex-schweissen-schneiden-2025\/\" \/>\n<meta property=\"og:site_name\" content=\"Corimpex\" \/>\n<meta property=\"article:publisher\" content=\"https:\/\/www.facebook.com\/profile.php?id=100057597012130\" \/>\n<meta property=\"article:published_time\" content=\"2025-10-08T14:05:58+00:00\" \/>\n<meta property=\"article:modified_time\" content=\"2025-10-08T14:17:36+00:00\" \/>\n<meta property=\"og:image\" content=\"https:\/\/www.corimpexgroup.com\/wp-content\/uploads\/2025\/10\/CORIMPEX-TEAM-SCHWEISSEN-SCHNEIDEN-2025.jpeg\" \/>\n\t<meta property=\"og:image:width\" content=\"1600\" \/>\n\t<meta property=\"og:image:height\" content=\"1200\" \/>\n\t<meta property=\"og:image:type\" content=\"image\/jpeg\" \/>\n<meta name=\"author\" content=\"Elisa\" \/>\n<meta name=\"twitter:card\" content=\"summary_large_image\" \/>\n<meta name=\"twitter:label1\" content=\"Escrito por\" \/>\n\t<meta name=\"twitter:data1\" content=\"Elisa\" \/>\n\t<meta name=\"twitter:label2\" content=\"Tiempo de lectura\" \/>\n\t<meta name=\"twitter:data2\" content=\"2 minutos\" \/>\n<script type=\"application\/ld+json\" class=\"yoast-schema-graph\">{\"@context\":\"https:\\\/\\\/schema.org\",\"@graph\":[{\"@type\":\"Article\",\"@id\":\"https:\\\/\\\/www.corimpexgroup.com\\\/es\\\/stand-corimpex-schweissen-schneiden-2025\\\/#article\",\"isPartOf\":{\"@id\":\"https:\\\/\\\/www.corimpexgroup.com\\\/es\\\/stand-corimpex-schweissen-schneiden-2025\\\/\"},\"author\":{\"name\":\"Elisa\",\"@id\":\"https:\\\/\\\/www.corimpexgroup.com\\\/es\\\/#\\\/schema\\\/person\\\/73cc3f45e110107c25821588ca1feaa5\"},\"headline\":\"STAND CORIMPEX EN SCHWEISSEN &#038; SCHNEIDEN 2025\",\"datePublished\":\"2025-10-08T14:05:58+00:00\",\"dateModified\":\"2025-10-08T14:17:36+00:00\",\"mainEntityOfPage\":{\"@id\":\"https:\\\/\\\/www.corimpexgroup.com\\\/es\\\/stand-corimpex-schweissen-schneiden-2025\\\/\"},\"wordCount\":282,\"publisher\":{\"@id\":\"https:\\\/\\\/www.corimpexgroup.com\\\/es\\\/#organization\"},\"image\":{\"@id\":\"https:\\\/\\\/www.corimpexgroup.com\\\/es\\\/stand-corimpex-schweissen-schneiden-2025\\\/#primaryimage\"},\"thumbnailUrl\":\"https:\\\/\\\/www.corimpexgroup.com\\\/wp-content\\\/uploads\\\/2025\\\/10\\\/CORIMPEX-TEAM-SCHWEISSEN-SCHNEIDEN-2025.jpeg\",\"keywords\":[\"saldatura ad arco sommerso\",\"SAW\"],\"articleSection\":[\"Fiere ed Eventi\",\"Sin categorizar\"],\"inLanguage\":\"es\"},{\"@type\":\"WebPage\",\"@id\":\"https:\\\/\\\/www.corimpexgroup.com\\\/es\\\/stand-corimpex-schweissen-schneiden-2025\\\/\",\"url\":\"https:\\\/\\\/www.corimpexgroup.com\\\/es\\\/stand-corimpex-schweissen-schneiden-2025\\\/\",\"name\":\"STAND CORIMPEX EN SCHWEISSEN & SCHNEIDEN 2025 - Corimpex\",\"isPartOf\":{\"@id\":\"https:\\\/\\\/www.corimpexgroup.com\\\/es\\\/#website\"},\"primaryImageOfPage\":{\"@id\":\"https:\\\/\\\/www.corimpexgroup.com\\\/es\\\/stand-corimpex-schweissen-schneiden-2025\\\/#primaryimage\"},\"image\":{\"@id\":\"https:\\\/\\\/www.corimpexgroup.com\\\/es\\\/stand-corimpex-schweissen-schneiden-2025\\\/#primaryimage\"},\"thumbnailUrl\":\"https:\\\/\\\/www.corimpexgroup.com\\\/wp-content\\\/uploads\\\/2025\\\/10\\\/CORIMPEX-TEAM-SCHWEISSEN-SCHNEIDEN-2025.jpeg\",\"datePublished\":\"2025-10-08T14:05:58+00:00\",\"dateModified\":\"2025-10-08T14:17:36+00:00\",\"description\":\"En septiembre participamos en Schweissen & Schneiden 2025 en Essen, Alemania.\",\"breadcrumb\":{\"@id\":\"https:\\\/\\\/www.corimpexgroup.com\\\/es\\\/stand-corimpex-schweissen-schneiden-2025\\\/#breadcrumb\"},\"inLanguage\":\"es\",\"potentialAction\":[{\"@type\":\"ReadAction\",\"target\":[\"https:\\\/\\\/www.corimpexgroup.com\\\/es\\\/stand-corimpex-schweissen-schneiden-2025\\\/\"]}]},{\"@type\":\"ImageObject\",\"inLanguage\":\"es\",\"@id\":\"https:\\\/\\\/www.corimpexgroup.com\\\/es\\\/stand-corimpex-schweissen-schneiden-2025\\\/#primaryimage\",\"url\":\"https:\\\/\\\/www.corimpexgroup.com\\\/wp-content\\\/uploads\\\/2025\\\/10\\\/CORIMPEX-TEAM-SCHWEISSEN-SCHNEIDEN-2025.jpeg\",\"contentUrl\":\"https:\\\/\\\/www.corimpexgroup.com\\\/wp-content\\\/uploads\\\/2025\\\/10\\\/CORIMPEX-TEAM-SCHWEISSEN-SCHNEIDEN-2025.jpeg\",\"width\":1600,\"height\":1200,\"caption\":\"CORIMPEX TEAM-SCHWEISSEN & SCHNEIDEN 2025\"},{\"@type\":\"BreadcrumbList\",\"@id\":\"https:\\\/\\\/www.corimpexgroup.com\\\/es\\\/stand-corimpex-schweissen-schneiden-2025\\\/#breadcrumb\",\"itemListElement\":[{\"@type\":\"ListItem\",\"position\":1,\"name\":\"Home\",\"item\":\"https:\\\/\\\/www.corimpexgroup.com\\\/es\\\/home\\\/\"},{\"@type\":\"ListItem\",\"position\":2,\"name\":\"STAND CORIMPEX EN SCHWEISSEN &#038; SCHNEIDEN 2025\"}]},{\"@type\":\"WebSite\",\"@id\":\"https:\\\/\\\/www.corimpexgroup.com\\\/es\\\/#website\",\"url\":\"https:\\\/\\\/www.corimpexgroup.com\\\/es\\\/\",\"name\":\"Corimpex\",\"description\":\"Future Welding Solutions\",\"publisher\":{\"@id\":\"https:\\\/\\\/www.corimpexgroup.com\\\/es\\\/#organization\"},\"potentialAction\":[{\"@type\":\"SearchAction\",\"target\":{\"@type\":\"EntryPoint\",\"urlTemplate\":\"https:\\\/\\\/www.corimpexgroup.com\\\/es\\\/?s={search_term_string}\"},\"query-input\":{\"@type\":\"PropertyValueSpecification\",\"valueRequired\":true,\"valueName\":\"search_term_string\"}}],\"inLanguage\":\"es\"},{\"@type\":\"Organization\",\"@id\":\"https:\\\/\\\/www.corimpexgroup.com\\\/es\\\/#organization\",\"name\":\"Corimpex Srl\",\"url\":\"https:\\\/\\\/www.corimpexgroup.com\\\/es\\\/\",\"logo\":{\"@type\":\"ImageObject\",\"inLanguage\":\"es\",\"@id\":\"https:\\\/\\\/www.corimpexgroup.com\\\/es\\\/#\\\/schema\\\/logo\\\/image\\\/\",\"url\":\"https:\\\/\\\/www.corimpexgroup.com\\\/wp-content\\\/uploads\\\/2022\\\/04\\\/cropped-logo.png\",\"contentUrl\":\"https:\\\/\\\/www.corimpexgroup.com\\\/wp-content\\\/uploads\\\/2022\\\/04\\\/cropped-logo.png\",\"width\":308,\"height\":61,\"caption\":\"Corimpex Srl\"},\"image\":{\"@id\":\"https:\\\/\\\/www.corimpexgroup.com\\\/es\\\/#\\\/schema\\\/logo\\\/image\\\/\"},\"sameAs\":[\"https:\\\/\\\/www.facebook.com\\\/profile.php?id=100057597012130\",\"https:\\\/\\\/www.youtube.com\\\/channel\\\/UC0fdDfSK33dhCbILl2Bwhpw\",\"https:\\\/\\\/www.linkedin.com\\\/company\\\/corimpex-srl\"]},{\"@type\":\"Person\",\"@id\":\"https:\\\/\\\/www.corimpexgroup.com\\\/es\\\/#\\\/schema\\\/person\\\/73cc3f45e110107c25821588ca1feaa5\",\"name\":\"Elisa\"}]}<\/script>\n<!-- \/ Yoast SEO plugin. -->","yoast_head_json":{"title":"STAND CORIMPEX EN SCHWEISSEN & SCHNEIDEN 2025 - Corimpex","description":"En septiembre participamos en Schweissen & Schneiden 2025 en Essen, Alemania.","robots":{"index":"index","follow":"follow","max-snippet":"max-snippet:-1","max-image-preview":"max-image-preview:large","max-video-preview":"max-video-preview:-1"},"canonical":"https:\/\/www.corimpexgroup.com\/es\/stand-corimpex-schweissen-schneiden-2025\/","og_locale":"es_ES","og_type":"article","og_title":"STAND CORIMPEX EN SCHWEISSEN & SCHNEIDEN 2025 - Corimpex","og_description":"En septiembre participamos en Schweissen & Schneiden 2025 en Essen, Alemania.","og_url":"https:\/\/www.corimpexgroup.com\/es\/stand-corimpex-schweissen-schneiden-2025\/","og_site_name":"Corimpex","article_publisher":"https:\/\/www.facebook.com\/profile.php?id=100057597012130","article_published_time":"2025-10-08T14:05:58+00:00","article_modified_time":"2025-10-08T14:17:36+00:00","og_image":[{"width":1600,"height":1200,"url":"https:\/\/www.corimpexgroup.com\/wp-content\/uploads\/2025\/10\/CORIMPEX-TEAM-SCHWEISSEN-SCHNEIDEN-2025.jpeg","type":"image\/jpeg"}],"author":"Elisa","twitter_card":"summary_large_image","twitter_misc":{"Escrito por":"Elisa","Tiempo de lectura":"2 minutos"},"schema":{"@context":"https:\/\/schema.org","@graph":[{"@type":"Article","@id":"https:\/\/www.corimpexgroup.com\/es\/stand-corimpex-schweissen-schneiden-2025\/#article","isPartOf":{"@id":"https:\/\/www.corimpexgroup.com\/es\/stand-corimpex-schweissen-schneiden-2025\/"},"author":{"name":"Elisa","@id":"https:\/\/www.corimpexgroup.com\/es\/#\/schema\/person\/73cc3f45e110107c25821588ca1feaa5"},"headline":"STAND CORIMPEX EN SCHWEISSEN &#038; SCHNEIDEN 2025","datePublished":"2025-10-08T14:05:58+00:00","dateModified":"2025-10-08T14:17:36+00:00","mainEntityOfPage":{"@id":"https:\/\/www.corimpexgroup.com\/es\/stand-corimpex-schweissen-schneiden-2025\/"},"wordCount":282,"publisher":{"@id":"https:\/\/www.corimpexgroup.com\/es\/#organization"},"image":{"@id":"https:\/\/www.corimpexgroup.com\/es\/stand-corimpex-schweissen-schneiden-2025\/#primaryimage"},"thumbnailUrl":"https:\/\/www.corimpexgroup.com\/wp-content\/uploads\/2025\/10\/CORIMPEX-TEAM-SCHWEISSEN-SCHNEIDEN-2025.jpeg","keywords":["saldatura ad arco sommerso","SAW"],"articleSection":["Fiere ed Eventi","Sin categorizar"],"inLanguage":"es"},{"@type":"WebPage","@id":"https:\/\/www.corimpexgroup.com\/es\/stand-corimpex-schweissen-schneiden-2025\/","url":"https:\/\/www.corimpexgroup.com\/es\/stand-corimpex-schweissen-schneiden-2025\/","name":"STAND CORIMPEX EN SCHWEISSEN & SCHNEIDEN 2025 - Corimpex","isPartOf":{"@id":"https:\/\/www.corimpexgroup.com\/es\/#website"},"primaryImageOfPage":{"@id":"https:\/\/www.corimpexgroup.com\/es\/stand-corimpex-schweissen-schneiden-2025\/#primaryimage"},"image":{"@id":"https:\/\/www.corimpexgroup.com\/es\/stand-corimpex-schweissen-schneiden-2025\/#primaryimage"},"thumbnailUrl":"https:\/\/www.corimpexgroup.com\/wp-content\/uploads\/2025\/10\/CORIMPEX-TEAM-SCHWEISSEN-SCHNEIDEN-2025.jpeg","datePublished":"2025-10-08T14:05:58+00:00","dateModified":"2025-10-08T14:17:36+00:00","description":"En septiembre participamos en Schweissen & Schneiden 2025 en Essen, Alemania.","breadcrumb":{"@id":"https:\/\/www.corimpexgroup.com\/es\/stand-corimpex-schweissen-schneiden-2025\/#breadcrumb"},"inLanguage":"es","potentialAction":[{"@type":"ReadAction","target":["https:\/\/www.corimpexgroup.com\/es\/stand-corimpex-schweissen-schneiden-2025\/"]}]},{"@type":"ImageObject","inLanguage":"es","@id":"https:\/\/www.corimpexgroup.com\/es\/stand-corimpex-schweissen-schneiden-2025\/#primaryimage","url":"https:\/\/www.corimpexgroup.com\/wp-content\/uploads\/2025\/10\/CORIMPEX-TEAM-SCHWEISSEN-SCHNEIDEN-2025.jpeg","contentUrl":"https:\/\/www.corimpexgroup.com\/wp-content\/uploads\/2025\/10\/CORIMPEX-TEAM-SCHWEISSEN-SCHNEIDEN-2025.jpeg","width":1600,"height":1200,"caption":"CORIMPEX TEAM-SCHWEISSEN & SCHNEIDEN 2025"},{"@type":"BreadcrumbList","@id":"https:\/\/www.corimpexgroup.com\/es\/stand-corimpex-schweissen-schneiden-2025\/#breadcrumb","itemListElement":[{"@type":"ListItem","position":1,"name":"Home","item":"https:\/\/www.corimpexgroup.com\/es\/home\/"},{"@type":"ListItem","position":2,"name":"STAND CORIMPEX EN SCHWEISSEN &#038; SCHNEIDEN 2025"}]},{"@type":"WebSite","@id":"https:\/\/www.corimpexgroup.com\/es\/#website","url":"https:\/\/www.corimpexgroup.com\/es\/","name":"Corimpex","description":"Future Welding Solutions","publisher":{"@id":"https:\/\/www.corimpexgroup.com\/es\/#organization"},"potentialAction":[{"@type":"SearchAction","target":{"@type":"EntryPoint","urlTemplate":"https:\/\/www.corimpexgroup.com\/es\/?s={search_term_string}"},"query-input":{"@type":"PropertyValueSpecification","valueRequired":true,"valueName":"search_term_string"}}],"inLanguage":"es"},{"@type":"Organization","@id":"https:\/\/www.corimpexgroup.com\/es\/#organization","name":"Corimpex Srl","url":"https:\/\/www.corimpexgroup.com\/es\/","logo":{"@type":"ImageObject","inLanguage":"es","@id":"https:\/\/www.corimpexgroup.com\/es\/#\/schema\/logo\/image\/","url":"https:\/\/www.corimpexgroup.com\/wp-content\/uploads\/2022\/04\/cropped-logo.png","contentUrl":"https:\/\/www.corimpexgroup.com\/wp-content\/uploads\/2022\/04\/cropped-logo.png","width":308,"height":61,"caption":"Corimpex Srl"},"image":{"@id":"https:\/\/www.corimpexgroup.com\/es\/#\/schema\/logo\/image\/"},"sameAs":["https:\/\/www.facebook.com\/profile.php?id=100057597012130","https:\/\/www.youtube.com\/channel\/UC0fdDfSK33dhCbILl2Bwhpw","https:\/\/www.linkedin.com\/company\/corimpex-srl"]},{"@type":"Person","@id":"https:\/\/www.corimpexgroup.com\/es\/#\/schema\/person\/73cc3f45e110107c25821588ca1feaa5","name":"Elisa"}]}},"_links":{"self":[{"href":"https:\/\/www.corimpexgroup.com\/es\/wp-json\/wp\/v2\/posts\/11266","targetHints":{"allow":["GET"]}}],"collection":[{"href":"https:\/\/www.corimpexgroup.com\/es\/wp-json\/wp\/v2\/posts"}],"about":[{"href":"https:\/\/www.corimpexgroup.com\/es\/wp-json\/wp\/v2\/types\/post"}],"author":[{"embeddable":true,"href":"https:\/\/www.corimpexgroup.com\/es\/wp-json\/wp\/v2\/users\/7"}],"replies":[{"embeddable":true,"href":"https:\/\/www.corimpexgroup.com\/es\/wp-json\/wp\/v2\/comments?post=11266"}],"version-history":[{"count":2,"href":"https:\/\/www.corimpexgroup.com\/es\/wp-json\/wp\/v2\/posts\/11266\/revisions"}],"predecessor-version":[{"id":11268,"href":"https:\/\/www.corimpexgroup.com\/es\/wp-json\/wp\/v2\/posts\/11266\/revisions\/11268"}],"wp:featuredmedia":[{"embeddable":true,"href":"https:\/\/www.corimpexgroup.com\/es\/wp-json\/wp\/v2\/media\/11261"}],"wp:attachment":[{"href":"https:\/\/www.corimpexgroup.com\/es\/wp-json\/wp\/v2\/media?parent=11266"}],"wp:term":[{"taxonomy":"category","embeddable":true,"href":"https:\/\/www.corimpexgroup.com\/es\/wp-json\/wp\/v2\/categories?post=11266"},{"taxonomy":"post_tag","embeddable":true,"href":"https:\/\/www.corimpexgroup.com\/es\/wp-json\/wp\/v2\/tags?post=11266"}],"curies":[{"name":"wp","href":"https:\/\/api.w.org\/{rel}","templated":true}]}}